{"id":18041,"date":"2021-11-08T18:04:35","date_gmt":"2021-11-08T16:04:35","guid":{"rendered":"https:\/\/www.kaspersky.fr\/blog\/?p=18041"},"modified":"2021-11-08T19:01:12","modified_gmt":"2021-11-08T17:01:12","slug":"les-francais-et-les-influenceurs-interview-de-chloe-creatrice-de-contenus","status":"publish","type":"post","link":"https:\/\/www.kaspersky.fr\/blog\/les-francais-et-les-influenceurs-interview-de-chloe-creatrice-de-contenus\/18041\/","title":{"rendered":"Les fran\u00e7ais et les influenceurs &#8211; Interview de Chlo\u00e9, cr\u00e9atrice de contenus"},"content":{"rendered":"<p><span style=\"font-weight: 400\">Dans le cadre de l\u2019\u00e9tude global Kaspersky, \u00ab\u00a0<\/span><a href=\"https:\/\/media.kasperskydaily.com\/wp-content\/uploads\/sites\/92\/2021\/09\/08104454\/Kaspersky_Our-Changing-Relationship-with-Social-Media-A-Global-Study_V7.pdf\"><span style=\"font-weight: 400\">Our Changing Relationship with Social Media<\/span><\/a><span style=\"font-weight: 400\">\u00ab\u00a0, nous avons eu la chance de recevoir <\/span><a href=\"https:\/\/www.instagram.com\/thegingerchloe\/?hl=fr\" target=\"_blank\" rel=\"noopener nofollow\"><span style=\"font-weight: 400\">Chlo\u00e9<\/span><\/a><span style=\"font-weight: 400\">, cr\u00e9atrice de contenus sur Instagram &amp; TikTok pour parler de la relation qu\u2019entretiennent les fran\u00e7ais avec les r\u00e9seaux sociaux et plus pr\u00e9cis\u00e9ment avec les influenceurs.<\/span><\/p>\n<p><span style=\"font-weight: 400\">Dans un monde de plus en plus connect\u00e9, ou les r\u00e9centes contraintes sanitaires nous ont oblig\u00e9 \u00e0 revoir le cadre de nos intersubjectivit\u00e9s, les r\u00e9seaux sociaux, plus que jamais, se sont ancr\u00e9s au centre de nos vies.<\/span><\/p>\n<p><span style=\"font-weight: 400\">Au-del\u00e0 m\u00eame des r\u00e9seaux sociaux, c\u2019est notre relation avec les influenceurs et autres cr\u00e9ateurs de contenus qui semble s\u2019\u00e9toffer et prendre davantage de relief.\u00a0<\/span><\/p>\n<p><span style=\"font-weight: 400\">Selon notre <\/span><a href=\"https:\/\/media.kasperskydaily.com\/wp-content\/uploads\/sites\/92\/2021\/09\/08104454\/Kaspersky_Our-Changing-Relationship-with-Social-Media-A-Global-Study_V7.pdf\"><span style=\"font-weight: 400\">\u00e9tude<\/span><\/a><span style=\"font-weight: 400\"> mondiale aupr\u00e8s de plus de 15 000 personnes dans 25 pays, un peu moins de la moiti\u00e9 (47 %) des utilisateurs de r\u00e9seaux sociaux pensent que les influenceurs qu\u2019ils suivent leur permettent d\u2019 \u00ab\u00a0\u00e9chapper \u00e0 la r\u00e9alit\u00e9\u00a0\u00bb, un chiffre qui augmente consid\u00e9rablement en France pour atteindre les 70 %. Plus d\u2019une personne sur cinq (21 %) pense qu\u2019elle \u00ab\u00a0pourrait \u00eatre amie\u00a0\u00bb avec les influenceurs qu\u2019elle suit (29 % en France) et \u00e0 peu pr\u00e8s la m\u00eame proportion (22 %) est all\u00e9e jusqu\u2019\u00e0 envoyer un message priv\u00e9 \u00e0 un influenceur (19 % seulement en France).\u00a0<\/span><\/p>\n<p><span style=\"font-weight: 400\">Malgr\u00e9 la nature largement virtuelle de ces relations, 34 % des utilisateurs de r\u00e9seaux sociaux ont rencontr\u00e9 dans la vie r\u00e9elle certains des influenceurs qu\u2019ils suivent, ce chiffre passant \u00e0 49 % en France et m\u00eame \u00e0 57 % aux \u00c9tats-Unis.<\/span><\/p>\n<p><span style=\"font-weight: 400\">Face \u00e0 ce constat, nous avons donc voulu en discuter avec une personne dont c\u2019est le m\u00e9tier et nous avons eu la chance d\u2019\u00e9changer avec <\/span><a href=\"https:\/\/www.instagram.com\/thegingerchloe\/?hl=fr\" target=\"_blank\" rel=\"noopener nofollow\"><span style=\"font-weight: 400\">Chlo\u00e9<\/span><\/a><span style=\"font-weight: 400\">, cr\u00e9atrice de contenus sur Instagram &amp; TikToks. Parmi les nombreux sujets abord\u00e9s, la responsabilit\u00e9 des influenceurs dans la cr\u00e9ation d\u2019espaces d\u2019\u00e9changes sains et bienveillants semble \u00eatre un des enjeux les plus importants \u00e0 ses yeux.<\/span><\/p>\n<p><span style=\"font-weight: 400\">\u00ab\u00a0Quand on se rend compte du poids des r\u00e9seaux sociaux dans nos vies, on est oblig\u00e9s de se responsabiliser. Plus ma communaut\u00e9 grandit, plus j\u2019ai d\u2019interactions avec mes abonn\u00e9s et plus j\u2019ai envie de partager du contenu engag\u00e9, de faire passer des messages. Je pr\u00f4ne des valeurs de tol\u00e9rance, de bien-\u00eatre et de confiance en soi et ma communaut\u00e9 me ressemble. Cependant je constate aussi avec tristesse que les commentaires et interactions d\u00e9sagr\u00e9ables sont aussi de plus en plus fr\u00e9quents. On ne peut pas plaire \u00e0 tout le monde, mais pourquoi s\u2019int\u00e9resser \u00e0 quelqu\u2019un dont on ne partage pas les valeurs ? Ce que je d\u00e9plore surtout c\u2019est qu\u2019il s\u2019agit souvent d\u2019interactions unilat\u00e9rales, qui n\u2019invitent pas au dialogue. De mon c\u00f4t\u00e9 cela me donne encore plus envie de continuer \u00e0 communiquer sur les valeurs humaines mais je pense qu\u2019il serait pertinent que certains prennent un peu de recul sur ce que leur procure les r\u00e9seaux sociaux. Si ce n\u2019est que du n\u00e9gatif, alors qu\u2019ils se d\u00e9connectent pour qu\u2019on reste sur un environnement sain.\u00a0\u00bb \u2013 explique <\/span><a href=\"https:\/\/www.instagram.com\/thegingerchloe\/?hl=fr\" target=\"_blank\" rel=\"noopener nofollow\"><span style=\"font-weight: 400\">TheGingerChlo\u00e9<\/span><\/a><span style=\"font-weight: 400\">, cr\u00e9atrice de contenus sur Instagram &amp; TikTok.\u00a0\u00a0<\/span><\/p>\n<p><span style=\"font-weight: 400\">Retrouvez l\u2019int\u00e9gralit\u00e9 de l\u2019\u00e9change sur notre podcast Cyber Pop.<\/span><\/p>\n<p><span style=\"font-weight: 400\">Bonne \u00e9coute !<\/span><\/p>\n<p><iframe loading=\"lazy\" style=\"border: none\" height=\"90\" scrolling=\"no\" src=\"\/\/html5-player.libsyn.com\/embed\/episode\/id\/21062501\/height\/90\/theme\/custom\/thumbnail\/yes\/direction\/backward\/render-playlist\/no\/custom-color\/87A93A\/\" width=\"100%\"><\/iframe><\/p>\n<p><a href=\"https:\/\/podcasts.apple.com\/fr\/podcast\/cyber-pop\/id1560176761\" target=\"_blank\" rel=\"noopener nofollow\"><img loading=\"lazy\" decoding=\"async\" class=\"alignleft wp-image-16662\" src=\"https:\/\/media.kasperskydaily.com\/wp-content\/uploads\/sites\/93\/2021\/03\/26142645\/button-subscribe-apple-2-e1616768977574.png\" alt=\"\" width=\"198\" height=\"48\"><\/a><a href=\"https:\/\/open.spotify.com\/show\/26yTFGclVFe5nUHLCUxguy\" target=\"_blank\" rel=\"noopener nofollow\"><img loading=\"lazy\" decoding=\"async\" class=\"alignleft wp-image-16661\" src=\"https:\/\/media.kasperskydaily.com\/wp-content\/uploads\/sites\/93\/2021\/03\/26142527\/button-subscribe-spotify-3-e1616768877882.png\" alt=\"Spotify-feed\" width=\"133\" height=\"87\"><\/a><a href=\"http:\/\/cyber-pop.kaspersky-podcasts.libsynpro.com\/rss\" target=\"_blank\" rel=\"noopener nofollow\"><img loading=\"lazy\" decoding=\"async\" class=\"alignleft wp-image-16643\" src=\"https:\/\/media.kasperskydaily.com\/wp-content\/uploads\/sites\/93\/2021\/03\/26093221\/button-subscribe-rss-2-e1616768284593.png\" alt=\"RSS-feed\" width=\"116\" height=\"51\"><\/a><\/p>\n<p>\u00a0<\/p>\n<p>\u00a0<\/p>\n<p>\u00a0<\/p>\n","protected":false},"excerpt":{"rendered":"<p>Dans le cadre de l\u2019\u00e9tude global Kaspersky, \u201cOur Changing Relationship with Social Media\u201d, nous avons eu la chance de recevoir Chlo\u00e9, cr\u00e9atrice de contenus sur Instagram &amp; TikTok pour parler de la relation qu\u2019entretiennent les fran\u00e7ais avec les r\u00e9seaux sociaux et plus pr\u00e9cis\u00e9ment avec les influenceurs.<\/p>\n","protected":false},"author":2607,"featured_media":18042,"comment_status":"closed","ping_status":"closed","sticky":false,"template":"","format":"standard","meta":{"_acf_changed":false,"footnotes":""},"categories":[6],"tags":[4220,67,4221],"class_list":{"0":"post-18041","1":"post","2":"type-post","3":"status-publish","4":"format-standard","5":"has-post-thumbnail","7":"category-news","8":"tag-influenceur","9":"tag-interview","10":"tag-shareaware"},"hreflang":[{"hreflang":"fr","url":"https:\/\/www.kaspersky.fr\/blog\/les-francais-et-les-influenceurs-interview-de-chloe-creatrice-de-contenus\/18041\/"}],"acf":[],"banners":"","maintag":{"url":"https:\/\/www.kaspersky.fr\/blog\/tag\/interview\/","name":"interview"},"_links":{"self":[{"href":"https:\/\/www.kaspersky.fr\/blog\/wp-json\/wp\/v2\/posts\/18041","targetHints":{"allow":["GET"]}}],"collection":[{"href":"https:\/\/www.kaspersky.fr\/blog\/wp-json\/wp\/v2\/posts"}],"about":[{"href":"https:\/\/www.kaspersky.fr\/blog\/wp-json\/wp\/v2\/types\/post"}],"author":[{"embeddable":true,"href":"https:\/\/www.kaspersky.fr\/blog\/wp-json\/wp\/v2\/users\/2607"}],"replies":[{"embeddable":true,"href":"https:\/\/www.kaspersky.fr\/blog\/wp-json\/wp\/v2\/comments?post=18041"}],"version-history":[{"count":5,"href":"https:\/\/www.kaspersky.fr\/blog\/wp-json\/wp\/v2\/posts\/18041\/revisions"}],"predecessor-version":[{"id":18048,"href":"https:\/\/www.kaspersky.fr\/blog\/wp-json\/wp\/v2\/posts\/18041\/revisions\/18048"}],"wp:featuredmedia":[{"embeddable":true,"href":"https:\/\/www.kaspersky.fr\/blog\/wp-json\/wp\/v2\/media\/18042"}],"wp:attachment":[{"href":"https:\/\/www.kaspersky.fr\/blog\/wp-json\/wp\/v2\/media?parent=18041"}],"wp:term":[{"taxonomy":"category","embeddable":true,"href":"https:\/\/www.kaspersky.fr\/blog\/wp-json\/wp\/v2\/categories?post=18041"},{"taxonomy":"post_tag","embeddable":true,"href":"https:\/\/www.kaspersky.fr\/blog\/wp-json\/wp\/v2\/tags?post=18041"}],"curies":[{"name":"wp","href":"https:\/\/api.w.org\/{rel}","templated":true}]}}